{"id":1193,"date":"2015-06-08T07:56:14","date_gmt":"2015-06-08T07:56:14","guid":{"rendered":"https:\/\/www.avalumitran.com\/nos-visito-el-alcalde-de-villarejo-2\/"},"modified":"2015-06-08T07:56:14","modified_gmt":"2015-06-08T07:56:14","slug":"nos-visito-el-alcalde-de-villarejo","status":"publish","type":"post","link":"https:\/\/www.avalumitran.com\/de\/nos-visito-el-alcalde-de-villarejo\/","title":{"rendered":"Nos visit\u00f3 el Alcalde de Villarejo"},"content":{"rendered":"<p>Hace algunas semanas tuvimos una nueva oportunidad para hacer una de las cosas que m\u00e1s nos gusta, que es contar todo lo que hacemos aqu\u00ed en esta parcela de dimensiones considerables que se divisa desde el otro lado de la Autov\u00eda a Valencia, desde <strong>Villarejo de Salvan\u00e9s<\/strong>, y hacia la que todos los d\u00edas se encaminan un mont\u00f3n de personas de la poblaci\u00f3n, para hacer de AV Alumitran lo que es hoy en d\u00eda: uno de los <strong>grupos consolidados en el panorama del aluminio a nivel nacional y con presencia internacional creciente <\/strong>gracias a sus exportaciones al extranjero, principalmente resto de Europa, y pa\u00edses del norte de \u00c1frica como Marruecos.<\/p>\n<p>Como dec\u00edamos, tuvimos la oportunidad de compartir nuestra pasi\u00f3n por el aluminio y todos los procesos relacionados con su transformaci\u00f3n, en esta ocasi\u00f3n <strong>con una persona destacada y relevante de Villarejo, su Alcalde<\/strong>, que nos visit\u00f3 acompa\u00f1ado de los t\u00e9cnicos de urbanismo del Ayuntamiento.<\/p>\n<p>En tan significativa visita, estuvieron acompa\u00f1ados por el \u00f3rgano directivo de nuestra empresa: Jos\u00e9 Lu\u00eds Sebasti\u00e1n de Frutos (director general), Juan Jos\u00e9 Ahij\u00f3n (director administrativo) Jos\u00e9 G\u00f3mez (director de f\u00e1brica) Francisco Guardia (director financiero) Alejandro Lucas (director jur\u00eddico) y Alberto Lucas (presidente ejecutivo)<\/p>\n<p><img fetchpriority=\"high\" decoding=\"async\" src=\"https:\/\/www.avalumitran.com\/wp-content\/uploads\/2015\/06\/visita-alcalde-villarejo-recorrido.jpg\" alt=\"visita alcalde y tecnicos urbanismo\" width=\"800\" height=\"463\" class=\"aligncenter size-full wp-image-1184\" srcset=\"https:\/\/www.avalumitran.com\/wp-content\/uploads\/2015\/06\/visita-alcalde-villarejo-recorrido.jpg 800w, https:\/\/www.avalumitran.com\/wp-content\/uploads\/2015\/06\/visita-alcalde-villarejo-recorrido-300x174.jpg 300w\" sizes=\"(max-width: 800px) 100vw, 800px\" \/><\/p>\n<p>Nos acompa\u00f1aron en un recorrido por las distintas naves y procesos y les comentamos las curiosidades del aluminio que sabemos por experiencia que llaman la atenci\u00f3n de los visitantes, como que aunque se trabaje a temperaturas alt\u00edsimas, no lo refleja en su color y mantiene su gris claro inconfundible sin tornarse rojo o anaranjado, como podr\u00edamos imaginar\u2026 o el proceso de lacado por \u201cpolvo\u201d que se adhiere gracias a un proceso magn\u00e9tico a las barras o rieles para una cobertura uniforme\u2026 <\/p>\n<p>Y as\u00ed <strong>transcurre la visita entre caras conocidas, procesos que les son novedosos e interesantes y la admiraci\u00f3n por el tama\u00f1o de las m\u00e1quinas e instalaciones de un gran grupo como el nuestro.<\/strong><\/p>\n<p><img decoding=\"async\" src=\"https:\/\/www.avalumitran.com\/wp-content\/uploads\/2015\/06\/visita-alcalde-villarejo-avalumitran-reuniones.jpg\" alt=\"visita alcalde villarejo salvan\u00e9s\" width=\"800\" height=\"622\" class=\"aligncenter size-full wp-image-1182\" srcset=\"https:\/\/www.avalumitran.com\/wp-content\/uploads\/2015\/06\/visita-alcalde-villarejo-avalumitran-reuniones.jpg 800w, https:\/\/www.avalumitran.com\/wp-content\/uploads\/2015\/06\/visita-alcalde-villarejo-avalumitran-reuniones-300x233.jpg 300w\" sizes=\"(max-width: 800px) 100vw, 800px\" \/><br \/>\nAparte de mostrarles en detalle todos los procesos de transformaci\u00f3n y acabados que desarrollamos como la extrusi\u00f3n, lacado, anodizado, paquetizado, corte y mecanizado y por supuesto almacenaje (del cu\u00e1l comentaron que nuestro impresionante almac\u00e9n es incluso un pel\u00edn m\u00e1s alto que la Torre del Homenaje de la localidad) se pusieron en com\u00fan cifras como la de <strong>18.000 toneladas de producto final, los casi 300 trabajadores que AVAlumitran emplea o que el 40% de nuestra producci\u00f3n se exporta<\/strong>. <\/p>\n<p>Pero uno de los puntos que m\u00e1s hizo sentirse como en casa a nuestros visitantes fue el constatar que alrededor del 80% de personas que nos ayudan a desarrollar nuestra actividad cada d\u00eda, son vecinos de la localidad y por tanto caras conocidas. \u00bfCu\u00e1ndo os esperamos de nuevo? \u00a1Aqu\u00ed est\u00e1 vuestra casa!<\/p>\n","protected":false},"excerpt":{"rendered":"<p>Hace algunas semanas tuvimos una nueva oportunidad para hacer una de las cosas que m\u00e1s nos gusta, que es contar todo lo que hacemos aqu\u00ed en esta parcela de dimensiones considerables que se divisa desde el otro lado de la Autov\u00eda a Valencia, desde Villarejo de Salvan\u00e9s, y hacia la que todos los d\u00edas se [&hellip;]<\/p>\n","protected":false},"author":1001002,"featured_media":1183,"comment_status":"open","ping_status":"open","sticky":false,"template":"","format":"standard","meta":{"footnotes":""},"categories":[],"tags":[],"class_list":["post-1193","post","type-post","status-publish","format-standard","has-post-thumbnail","hentry"],"aioseo_notices":[],"_links":{"self":[{"href":"https:\/\/www.avalumitran.com\/de\/wp-json\/wp\/v2\/posts\/1193","targetHints":{"allow":["GET"]}}],"collection":[{"href":"https:\/\/www.avalumitran.com\/de\/wp-json\/wp\/v2\/posts"}],"about":[{"href":"https:\/\/www.avalumitran.com\/de\/wp-json\/wp\/v2\/types\/post"}],"author":[{"embeddable":true,"href":"https:\/\/www.avalumitran.com\/de\/wp-json\/wp\/v2\/users\/1001002"}],"replies":[{"embeddable":true,"href":"https:\/\/www.avalumitran.com\/de\/wp-json\/wp\/v2\/comments?post=1193"}],"version-history":[{"count":0,"href":"https:\/\/www.avalumitran.com\/de\/wp-json\/wp\/v2\/posts\/1193\/revisions"}],"wp:featuredmedia":[{"embeddable":true,"href":"https:\/\/www.avalumitran.com\/de\/wp-json\/wp\/v2\/media\/1183"}],"wp:attachment":[{"href":"https:\/\/www.avalumitran.com\/de\/wp-json\/wp\/v2\/media?parent=1193"}],"wp:term":[{"taxonomy":"category","embeddable":true,"href":"https:\/\/www.avalumitran.com\/de\/wp-json\/wp\/v2\/categories?post=1193"},{"taxonomy":"post_tag","embeddable":true,"href":"https:\/\/www.avalumitran.com\/de\/wp-json\/wp\/v2\/tags?post=1193"}],"curies":[{"name":"wp","href":"https:\/\/api.w.org\/{rel}","templated":true}]}}